{"id":19,"__str__":"Requerimento n\u00ba 19 de 2025","link_detail_backend":"/materia/19","metadata":{},"numero":19,"ano":2025,"numero_protocolo":null,"data_apresentacao":"2025-02-12","tipo_apresentacao":"O","data_publicacao":null,"numero_origem_externa":"","ano_origem_externa":null,"data_origem_externa":null,"apelido":"","dias_prazo":null,"data_fim_prazo":null,"em_tramitacao":true,"polemica":false,"objeto":"","complementar":false,"ementa":"Requer da Administra\u00e7\u00e3o municipal promover Audie\u00eancia Publica com feirantes, artes\u00f5es e comerciantes para organiza\u00e7\u00e3o e padroniza\u00e7\u00e3o das feiras livres do nosso municipio.","indexacao":"","observacao":"","resultado":"","texto_original":"http://sapl.tracunhaem.pe.leg.br/media/sapl/public/materialegislativa/2025/19/requerimento__019_2025.pdf","data_ultima_atualizacao":"2025-05-23T09:35:43.203547-03:00","ip":"170.246.164.32","ultima_edicao":"2025-05-23T09:33:44.091723-03:00","tipo":1,"regime_tramitacao":1,"tipo_origem_externa":null,"local_origem_externa":null,"user":2,"anexadas":[],"autores":[15]}